{"id":2794,"date":"2024-11-26T10:23:33","date_gmt":"2024-11-26T10:23:33","guid":{"rendered":"https:\/\/totalsport.es\/blog\/?p=2794"},"modified":"2024-11-26T10:23:33","modified_gmt":"2024-11-26T10:23:33","slug":"por-que-es-el-balon-de-laliga-amarillo","status":"publish","type":"post","link":"https:\/\/totalsport.es\/blog\/por-que-es-el-balon-de-laliga-amarillo\/","title":{"rendered":"\u00bfPor qu\u00e9 es el bal\u00f3n de LaLiga amarillo?"},"content":{"rendered":"\n<p>El<strong> uso del bal\u00f3n de LaLiga amarillo<\/strong> durante los meses de invierno es una tradici\u00f3n que comenz\u00f3 a consolidarse en la temporada <strong>2004-2005<\/strong>. La introducci\u00f3n de este bal\u00f3n tiene una raz\u00f3n pr\u00e1ctica: <strong>mejorar la visibilidad<\/strong> del esf\u00e9rico en condiciones meteorol\u00f3gicas adversas, como niebla, lluvia intensa o nieve, que son m\u00e1s comunes durante el invierno en varias zonas de Espa\u00f1a. <\/p>\n\n\n\n<p>Este cambio no solo responde a necesidades pr\u00e1cticas, sino que tambi\u00e9n se ha convertido en una tradici\u00f3n que a\u00f1ade un toque distintivo a la competici\u00f3n. En este art\u00edculo, exploraremos la historia detr\u00e1s del bal\u00f3n de <a href=\"https:\/\/www.laliga.com\/es-GB\/laliga-easports\" class=\"rank-math-link\">LaLiga<\/a> amarillo, cu\u00e1ndo comenz\u00f3 esta pr\u00e1ctica en Espa\u00f1a y por qu\u00e9 las marcas han adoptado este dise\u00f1o para los meses invernales.<\/p>\n\n\n\n<figure class=\"wp-block-image size-large\"><img loading=\"lazy\" width=\"1024\" height=\"576\" src=\"https:\/\/totalsport.es\/blog\/wp-content\/uploads\/2024\/11\/balon-de-laliga-amarillo-1024x576.jpg\" alt=\"bal\u00f3n de LaLiga amarillo\" class=\"wp-image-2796\" srcset=\"https:\/\/totalsport.es\/blog\/wp-content\/uploads\/2024\/11\/balon-de-laliga-amarillo-1024x576.jpg 1024w, https:\/\/totalsport.es\/blog\/wp-content\/uploads\/2024\/11\/balon-de-laliga-amarillo-300x169.jpg 300w, https:\/\/totalsport.es\/blog\/wp-content\/uploads\/2024\/11\/balon-de-laliga-amarillo-768x432.jpg 768w, https:\/\/totalsport.es\/blog\/wp-content\/uploads\/2024\/11\/balon-de-laliga-amarillo-1536x864.jpg 1536w, https:\/\/totalsport.es\/blog\/wp-content\/uploads\/2024\/11\/balon-de-laliga-amarillo.jpg 1920w\" sizes=\"(max-width: 1024px) 100vw, 1024px\" \/><\/figure>\n\n\n\n<div class=\"wp-block-buttons aligncenter\">\n<div class=\"wp-block-button\"><a class=\"wp-block-button__link has-background\" href=\"https:\/\/totalsport.es\/module\/iqitsearch\/searchiqit?s=balon+de+la+liga\" style=\"border-radius:6px;background:linear-gradient(135deg,rgb(6,152,255) 0%,rgb(0,103,177) 100%)\"><strong>VER TODOS LOS BALONES<\/strong><\/a><\/div>\n<\/div>\n\n\n\n<div id=\"toc_container\" class=\"toc_white no_bullets\"><p class=\"toc_title\">&Iacute;ndice<\/p><ul class=\"toc_list\"><li><a href=\"#Cuales_son_las_razones_de_cambiar_el_balon_de_LaLiga_a_amarillo\"><span class=\"toc_number toc_depth_1\">1<\/span> \u00bfCu\u00e1les son las razones de cambiar el bal\u00f3n de LaLiga a amarillo?<\/a><\/li><li><a href=\"#Como_es_el_nuevo_balon_de_LaLiga_amarillo\"><span class=\"toc_number toc_depth_1\">2<\/span> \u00bfC\u00f3mo es el nuevo bal\u00f3n de LaLiga amarillo?<\/a><ul><li><a href=\"#Caracteristicas_del_balon_de_LaLiga_amarillo_de_Puma\"><span class=\"toc_number toc_depth_2\">2.1<\/span> Caracter\u00edsticas del bal\u00f3n de LaLiga amarillo de Puma<\/a><\/li><\/ul><\/li><li><a href=\"#Impacto_cultural_y_comercial\"><span class=\"toc_number toc_depth_1\">3<\/span> Impacto cultural y comercial<\/a><ul><li><a href=\"#Cronologia_de_Puma_como_balon_oficial\"><span class=\"toc_number toc_depth_2\">3.1<\/span> Cronolog\u00eda de Puma como bal\u00f3n oficial<\/a><\/li><\/ul><\/li><li><a href=\"#Conclusion\"><span class=\"toc_number toc_depth_1\">4<\/span> Conclusi\u00f3n<\/a><\/li><\/ul><\/div>\n<h2><span id=\"Cuales_son_las_razones_de_cambiar_el_balon_de_LaLiga_a_amarillo\">\u00bfCu\u00e1les son las razones de cambiar el bal\u00f3n de LaLiga a amarillo?<\/span><\/h2>\n\n\n\n<p>La raz\u00f3n principal para elegir un <strong>bal\u00f3n amarillo durante el invierno es la visibilidad<\/strong>. Durante esta \u00e9poca del a\u00f1o, <strong>las condiciones meteorol\u00f3gicas pueden incluir lluvia intensa, niebla o incluso nieve en algunas regiones.<\/strong> Un bal\u00f3n amarillo se destaca mucho m\u00e1s que uno blanco tradicional, permitiendo a los jugadores seguir su trayectoria con mayor facilidad.<\/p>\n\n\n\n<p>Adem\u00e1s, el dise\u00f1o del bal\u00f3n de Laliga amarillo no solo mejora su funcionalidad, sino que<strong> tambi\u00e9n a\u00f1ade un elemento est\u00e9tico al juego<\/strong>. Las marcas han aprovechado esta oportunidad para innovar en t\u00e9rminos de dise\u00f1o y tecnolog\u00eda. Por ejemplo, Puma ha desarrollado balones con superficies texturizadas que mejoran el agarre y la precisi\u00f3n del tiro, adem\u00e1s de ofrecer un vuelo m\u00e1s estable gracias a su estructura sin costuras.<\/p>\n\n\n\n<p> <\/p>\n\n\n\n<h2><span id=\"Como_es_el_nuevo_balon_de_LaLiga_amarillo\">\u00bfC\u00f3mo es el nuevo bal\u00f3n de LaLiga amarillo?<\/span><\/h2>\n\n\n\n<div class=\"wp-block-columns are-vertically-aligned-center\">\n<div class=\"wp-block-column is-vertically-aligned-center\">\n<figure class=\"wp-block-image size-large\"><a href=\"https:\/\/totalsport.es\/balon-puma-orbita-hybrid-laliga-2425--084287-02.html\"><img loading=\"lazy\" width=\"800\" height=\"800\" src=\"https:\/\/totalsport.es\/blog\/wp-content\/uploads\/2024\/11\/balon-de-laliga-masculino-invierno.jpg\" alt=\"\" class=\"wp-image-2797\" srcset=\"https:\/\/totalsport.es\/blog\/wp-content\/uploads\/2024\/11\/balon-de-laliga-masculino-invierno.jpg 800w, https:\/\/totalsport.es\/blog\/wp-content\/uploads\/2024\/11\/balon-de-laliga-masculino-invierno-300x300.jpg 300w, https:\/\/totalsport.es\/blog\/wp-content\/uploads\/2024\/11\/balon-de-laliga-masculino-invierno-150x150.jpg 150w, https:\/\/totalsport.es\/blog\/wp-content\/uploads\/2024\/11\/balon-de-laliga-masculino-invierno-768x768.jpg 768w\" sizes=\"(max-width: 800px) 100vw, 800px\" \/><\/a><figcaption>Bal\u00f3n de LaLiga de invierno<\/figcaption><\/figure>\n<\/div>\n\n\n\n<div class=\"wp-block-column is-vertically-aligned-center\">\n<figure class=\"wp-block-image size-large\"><a href=\"https:\/\/totalsport.es\/balon-puma-orbita-laliga-f-hibrido--084295-02.html\"><img loading=\"lazy\" width=\"800\" height=\"800\" src=\"https:\/\/totalsport.es\/blog\/wp-content\/uploads\/2024\/11\/balon-de-laliga-femenino-invierno.jpg\" alt=\"\" class=\"wp-image-2798\" srcset=\"https:\/\/totalsport.es\/blog\/wp-content\/uploads\/2024\/11\/balon-de-laliga-femenino-invierno.jpg 800w, https:\/\/totalsport.es\/blog\/wp-content\/uploads\/2024\/11\/balon-de-laliga-femenino-invierno-300x300.jpg 300w, https:\/\/totalsport.es\/blog\/wp-content\/uploads\/2024\/11\/balon-de-laliga-femenino-invierno-150x150.jpg 150w, https:\/\/totalsport.es\/blog\/wp-content\/uploads\/2024\/11\/balon-de-laliga-femenino-invierno-768x768.jpg 768w\" sizes=\"(max-width: 800px) 100vw, 800px\" \/><\/a><figcaption>Bal\u00f3n de la LigaF de invierno<\/figcaption><\/figure>\n<\/div>\n<\/div>\n\n\n\n<p>Desde su introducci\u00f3n, el dise\u00f1o del<strong> bal\u00f3n de LaLiga amarillo ha evolucionado significativamente<\/strong>. Las marcas han incorporado tecnolog\u00edas avanzadas para mejorar su rendimiento. El<strong> Orbita Yellow Ball actual<\/strong> cuenta con una estructura de 12 paneles sellados que permite trayectorias m\u00e1s predecibles y tiros m\u00e1s precisos.\u00a0Estas innovaciones aseguran que el bal\u00f3n no solo sea visible sino tambi\u00e9n eficaz en su desempe\u00f1o durante los partidos, mejorando en los siguientes aspectos:<\/p>\n\n\n\n<ul><li>Mejorar la precisi\u00f3n incluso en condiciones h\u00famedas.<\/li><li>Mayor control de bal\u00f3n tambi\u00e9n en condiciones adversas.<\/li><li>Aerodin\u00e1mica optimizada.<\/li><\/ul>\n\n\n\n<h3><span id=\"Caracteristicas_del_balon_de_LaLiga_amarillo_de_Puma\">Caracter\u00edsticas del bal\u00f3n de LaLiga amarillo de Puma<\/span><\/h3>\n\n\n\n<ul><li>Color base amarillo Dandelion<\/li><li>Estructura de 12 paneles sellados sin costuras<\/li><li>Dise\u00f1ado para rendimiento en condiciones de baja visibilidad<\/li><li>Superficie PU texturizada en 3D para mejor agarre<\/li><\/ul>\n\n\n\n<p>El bal\u00f3n de LaLiga amarillo se ha convertido en una tradici\u00f3n que a\u00f1ade emoci\u00f3n y visibilidad al f\u00fatbol espa\u00f1ol, evolucionando desde una soluci\u00f3n pr\u00e1ctica hasta un elemento de marketing y dise\u00f1o.<\/p>\n\n\n\n<h2><span id=\"Impacto_cultural_y_comercial\">Impacto cultural y comercial<\/span><\/h2>\n\n\n\n<figure class=\"wp-block-image size-large\"><img loading=\"lazy\" width=\"1024\" height=\"576\" src=\"https:\/\/totalsport.es\/blog\/wp-content\/uploads\/2024\/11\/carvajal-y-gimenez-con-el-balon-amarillo-de-LaLiga-1024x576.jpg\" alt=\"Carvajal y Gimenez con el bal\u00f3n amarillo de LaLiga\" class=\"wp-image-2800\" srcset=\"https:\/\/totalsport.es\/blog\/wp-content\/uploads\/2024\/11\/carvajal-y-gimenez-con-el-balon-amarillo-de-LaLiga-1024x576.jpg 1024w, https:\/\/totalsport.es\/blog\/wp-content\/uploads\/2024\/11\/carvajal-y-gimenez-con-el-balon-amarillo-de-LaLiga-300x169.jpg 300w, https:\/\/totalsport.es\/blog\/wp-content\/uploads\/2024\/11\/carvajal-y-gimenez-con-el-balon-amarillo-de-LaLiga-768x432.jpg 768w, https:\/\/totalsport.es\/blog\/wp-content\/uploads\/2024\/11\/carvajal-y-gimenez-con-el-balon-amarillo-de-LaLiga-1536x864.jpg 1536w, https:\/\/totalsport.es\/blog\/wp-content\/uploads\/2024\/11\/carvajal-y-gimenez-con-el-balon-amarillo-de-LaLiga.jpg 1920w\" sizes=\"(max-width: 1024px) 100vw, 1024px\" \/><\/figure>\n\n\n\n<p>El cambio al bal\u00f3n de LaLiga amarillo de Puma tambi\u00e9n tiene implicaciones comerciales significativas. Cada a\u00f1o, el lanzamiento del nuevo dise\u00f1o est\u00e1 acompa\u00f1ado por campa\u00f1as publicitarias que destacan sus caracter\u00edsticas innovadoras. Estas campa\u00f1as generan expectaci\u00f3n entre los aficionados y aumentan las ventas de r\u00e9plicas del bal\u00f3n oficial. <\/p>\n\n\n\n<h3><span id=\"Cronologia_de_Puma_como_balon_oficial\">Cronolog\u00eda de Puma como bal\u00f3n oficial<\/span><\/h3>\n\n\n\n<ol><li>Inicialmente, se usaba para mejorar la visibilidad en condiciones clim\u00e1ticas dif\u00edciles.<\/li><li>En la temporada 2021-2022, Puma introdujo dos balones oficiales:<\/li><\/ol>\n\n\n\n<ul><li>Un bal\u00f3n blanco llamado Accelerate<\/li><li>Un bal\u00f3n amarillo llamado Adrenalina, dise\u00f1ado para partidos especiales<\/li><\/ul>\n\n\n\n<ol start=\"3\"><li>A partir de la temporada 2024-2025, Puma present\u00f3 el Orbita Yellow Ball, que se utiliza desde noviembre hasta el 25 de abril de 2025.<\/li><\/ol>\n\n\n\n<h2><span id=\"Conclusion\">Conclusi\u00f3n<\/span><\/h2>\n\n\n\n<p>En resumen, el bal\u00f3n de LaLiga amarillo es una innovaci\u00f3n creada para combatir los desaf\u00edos del clima invernal y asegurar que los partidos puedan jugarse sin problemas de visibilidad. Esta tradici\u00f3n, que comenz\u00f3 en 2004, ha evolucionado con el tiempo y ahora es una parte integral del f\u00fatbol en Espa\u00f1a durante los meses m\u00e1s fr\u00edos. <\/p>\n\n\n\n<p>A medida que avanzan las temporadas, es probable que veamos m\u00e1s innovaciones en el dise\u00f1o y tecnolog\u00eda de estos balones especiales. Sin embargo, lo que permanece constante es su papel crucial en asegurar que el f\u00fatbol siga siendo emocionante y accesible para todos, sin importar las condiciones clim\u00e1ticas.<\/p>\n","protected":false},"excerpt":{"rendered":"<p>El uso del bal\u00f3n de LaLiga amarillo durante los meses de invierno es una tradici\u00f3n que comenz\u00f3 a consolidarse en la temporada 2004-2005. La introducci\u00f3n de este bal\u00f3n tiene una raz\u00f3n pr\u00e1ctica: mejorar la visibilidad del esf\u00e9rico en condiciones meteorol\u00f3gicas adversas, como niebla, lluvia intensa o nieve, que son m\u00e1s [&hellip;]<\/p>\n","protected":false},"author":8,"featured_media":2799,"comment_status":"open","ping_status":"closed","sticky":false,"template":"","format":"standard","meta":[],"categories":[8],"tags":[],"_links":{"self":[{"href":"https:\/\/totalsport.es\/blog\/wp-json\/wp\/v2\/posts\/2794"}],"collection":[{"href":"https:\/\/totalsport.es\/blog\/wp-json\/wp\/v2\/posts"}],"about":[{"href":"https:\/\/totalsport.es\/blog\/wp-json\/wp\/v2\/types\/post"}],"author":[{"embeddable":true,"href":"https:\/\/totalsport.es\/blog\/wp-json\/wp\/v2\/users\/8"}],"replies":[{"embeddable":true,"href":"https:\/\/totalsport.es\/blog\/wp-json\/wp\/v2\/comments?post=2794"}],"version-history":[{"count":2,"href":"https:\/\/totalsport.es\/blog\/wp-json\/wp\/v2\/posts\/2794\/revisions"}],"predecessor-version":[{"id":2807,"href":"https:\/\/totalsport.es\/blog\/wp-json\/wp\/v2\/posts\/2794\/revisions\/2807"}],"wp:featuredmedia":[{"embeddable":true,"href":"https:\/\/totalsport.es\/blog\/wp-json\/wp\/v2\/media\/2799"}],"wp:attachment":[{"href":"https:\/\/totalsport.es\/blog\/wp-json\/wp\/v2\/media?parent=2794"}],"wp:term":[{"taxonomy":"category","embeddable":true,"href":"https:\/\/totalsport.es\/blog\/wp-json\/wp\/v2\/categories?post=2794"},{"taxonomy":"post_tag","embeddable":true,"href":"https:\/\/totalsport.es\/blog\/wp-json\/wp\/v2\/tags?post=2794"}],"curies":[{"name":"wp","href":"https:\/\/api.w.org\/{rel}","templated":true}]}}